{"id":1,"date":"2021-12-22T14:50:39","date_gmt":"2021-12-22T17:50:39","guid":{"rendered":"https:\/\/dralexgoldbach.com.br\/blog\/?p=1"},"modified":"2022-08-19T12:08:12","modified_gmt":"2022-08-19T15:08:12","slug":"bem-vindo-ao-blog-do-dr-alex-hirschfeld-goldbach","status":"publish","type":"post","link":"https:\/\/dralexgoldbach.com.br\/blog\/bem-vindo-ao-blog-do-dr-alex-hirschfeld-goldbach\/","title":{"rendered":"Bem-vindo ao blog do Dr. Alex Hirschfeld Goldbach"},"content":{"rendered":"\r\n<p>Voc\u00ea cuida bem da sa\u00fade do seu cabelo?<\/p>\r\n\r\n\r\n\r\n<p>Sabia que existe uma especialidade na medicina focada apenas para essa \u00e1rea?<\/p>\r\n\r\n\r\n\r\n<p>O estudo da tricologia iniciou-se no ano de 1902, com o objetivo de estudar cabelos, pelos e suas intera\u00e7\u00f5es com os problemas de pele. Com o passar do anos, a especialidade ganhou forma, e tornou-se uma \u00e1rea da dermatologia. O tricologista est\u00e1 apto a atuar no diagn\u00f3stico e tratamento de diversas doen\u00e7as que podem ocorrer no couro cabeludo e p\u00ealos faciais, como a barba, nos homens.<\/p>\r\n\r\n\r\n\r\n<p>Muitos dos problemas relacionados a estas estruturas s\u00e3o provenientes da m\u00e1 alimenta\u00e7\u00e3o, estresse e ansiedade, muito comum nos dias atuais. Muitas vezes, nem prestamos aten\u00e7\u00e3o no que est\u00e1 acontecendo. A queda de cabelo excessiva, por exemplo, pode estar ligada a fatores relacionados ao estresse.<\/p>\r\n\r\n\r\n\r\n<p>&nbsp;<\/p>\r\n\r\n\r\n\r\n<figure class=\"wp-block-image size-large crop-img\"><img loading=\"lazy\" decoding=\"async\" class=\"alignnone wp-image-18\" title=\"imagem que representa Dr. Alex Hirschfeld Goldbach\" src=\"https:\/\/dralexgoldbach.com.br\/blog\/wp-content\/uploads\/2022\/01\/bem-vindo-ao-blog-do-dr-alex-goldbach-1024x536.jpg\" alt=\"Bem-vindo ao blog do Dr. Alex Hirschfeld Goldbach\" width=\"1024\" height=\"536\" srcset=\"https:\/\/dralexgoldbach.com.br\/blog\/wp-content\/uploads\/2022\/01\/bem-vindo-ao-blog-do-dr-alex-goldbach-1024x536.jpg 1024w, https:\/\/dralexgoldbach.com.br\/blog\/wp-content\/uploads\/2022\/01\/bem-vindo-ao-blog-do-dr-alex-goldbach-300x157.jpg 300w, https:\/\/dralexgoldbach.com.br\/blog\/wp-content\/uploads\/2022\/01\/bem-vindo-ao-blog-do-dr-alex-goldbach-768x402.jpg 768w, https:\/\/dralexgoldbach.com.br\/blog\/wp-content\/uploads\/2022\/01\/bem-vindo-ao-blog-do-dr-alex-goldbach.jpg 1200w\" sizes=\"auto, (max-width: 1024px) 100vw, 1024px\" \/><\/figure>\r\n\r\n\r\n\r\n<h2 class=\"wp-block-heading\">Doen\u00e7as tratadas pela tricologia<\/h2>\r\n\r\n\r\n\r\n<p>Antes de mais nada, vale salientar que as \u00e1reas de estudo da tricologia s\u00e3o muito amplas. Ela ajuda pessoas de todas as faixas et\u00e1rias a resolver os mais diversos tipos de problemas capilares, como:<\/p>\r\n\r\n\r\n\r\n<ul class=\"wp-block-list\">\r\n<li>Doen\u00e7as no couro cabeludo: existem v\u00e1rias condi\u00e7\u00f5es que podem acometer o couro cabeludo como a caspa, a dermatite seborreica, infec\u00e7\u00f5es por fungos, entre outras;<\/li>\r\n<li>Calv\u00edcie: \u00e9 um dos mais procurados, seja ela masculina ou feminina. Suas causas est\u00e3o ligadas a problemas multifatoriais, sendo os mais comuns: Os gen\u00e9ticos e doen\u00e7as autoimunes;<\/li>\r\n<li>Danos capilares causados por tratamentos f\u00edsicos e qu\u00edmicos. Entre os mais comuns est\u00e3o as tinturas e colora\u00e7\u00f5es, alisamentos e uso de pranchas;<\/li>\r\n<li>Queda de cabelo: a tricologia, atrav\u00e9s de an\u00e1lise detalhada, trata da perda de cabelo e pelos por tratamentos espec\u00edficos (como a quimioterapia) ou por causa nutricional.<\/li>\r\n<li>Alopecias cicatriciais e n\u00e3o-cicatriciais: grupos de doen\u00e7as que afetam os fios capilares, causando quedas permanentes ou n\u00e3o.<\/li>\r\n<\/ul>\r\n\r\n\r\n\r\n<p>E voc\u00ea, o que achou destas informa\u00e7\u00f5es? Aqui no Blog do Dr. Alex Hirschfeld Goldbach voc\u00ea encontra tudo o que precisa saber sobre essa especialidade!<\/p>\r\n\r\n\r\n\r\n<p>Bem-vindo!<\/p>\r\n","protected":false},"excerpt":{"rendered":"<p>Voc\u00ea cuida bem da sa\u00fade do seu cabelo? Sabia que existe uma especialidade na medicina focada apenas para essa \u00e1rea? O estudo da tricologia iniciou-se no ano de 1902, com o objetivo de estudar cabelos, pelos e suas intera\u00e7\u00f5es com os problemas de pele. Com o passar do anos, a especialidade ganhou forma, e tornou-se [&hellip;]<\/p>\n","protected":false},"author":1,"featured_media":18,"comment_status":"open","ping_status":"open","sticky":false,"template":"","format":"standard","meta":{"footnotes":""},"categories":[1],"tags":[],"class_list":["post-1","post","type-post","status-publish","format-standard","has-post-thumbnail","hentry","category-sem-categoria"],"_links":{"self":[{"href":"https:\/\/dralexgoldbach.com.br\/blog\/wp-json\/wp\/v2\/posts\/1","targetHints":{"allow":["GET"]}}],"collection":[{"href":"https:\/\/dralexgoldbach.com.br\/blog\/wp-json\/wp\/v2\/posts"}],"about":[{"href":"https:\/\/dralexgoldbach.com.br\/blog\/wp-json\/wp\/v2\/types\/post"}],"author":[{"embeddable":true,"href":"https:\/\/dralexgoldbach.com.br\/blog\/wp-json\/wp\/v2\/users\/1"}],"replies":[{"embeddable":true,"href":"https:\/\/dralexgoldbach.com.br\/blog\/wp-json\/wp\/v2\/comments?post=1"}],"version-history":[{"count":5,"href":"https:\/\/dralexgoldbach.com.br\/blog\/wp-json\/wp\/v2\/posts\/1\/revisions"}],"predecessor-version":[{"id":110,"href":"https:\/\/dralexgoldbach.com.br\/blog\/wp-json\/wp\/v2\/posts\/1\/revisions\/110"}],"wp:featuredmedia":[{"embeddable":true,"href":"https:\/\/dralexgoldbach.com.br\/blog\/wp-json\/wp\/v2\/media\/18"}],"wp:attachment":[{"href":"https:\/\/dralexgoldbach.com.br\/blog\/wp-json\/wp\/v2\/media?parent=1"}],"wp:term":[{"taxonomy":"category","embeddable":true,"href":"https:\/\/dralexgoldbach.com.br\/blog\/wp-json\/wp\/v2\/categories?post=1"},{"taxonomy":"post_tag","embeddable":true,"href":"https:\/\/dralexgoldbach.com.br\/blog\/wp-json\/wp\/v2\/tags?post=1"}],"curies":[{"name":"wp","href":"https:\/\/api.w.org\/{rel}","templated":true}]}}