{"id":124,"date":"2022-08-07T18:49:51","date_gmt":"2022-08-07T21:49:51","guid":{"rendered":"https:\/\/dralexgoldbach.com.br\/blog\/?p=124"},"modified":"2022-09-21T09:52:32","modified_gmt":"2022-09-21T12:52:32","slug":"teste-genetico-para-identificar-tratamento-de-calvicie","status":"publish","type":"post","link":"https:\/\/dralexgoldbach.com.br\/blog\/teste-genetico-para-identificar-tratamento-de-calvicie\/","title":{"rendered":"Teste gen\u00e9tico para identificar tratamento de calv\u00edcie"},"content":{"rendered":"<p><span style=\"font-weight: 400;\">Voc\u00ea j\u00e1 ouviu falar do teste gen\u00e9tico para identificar tratamento de calv\u00edcie?<\/span><\/p>\n<p><a href=\"https:\/\/veja.abril.com.br\/cultura\/a-procura-pelos-tratamentos-contra-a-calvicie-cresceu-na-quarentena\/#:~:text=H%C3%A1%20ainda%20os%20m%C3%A9todos%20convencionais,que%20mais%20oxig%C3%AAnio%20e%20nutrientes\" target=\"_blank\" rel=\"noopener nofollow\"><span style=\"font-weight: 400;\">A procura por tratamentos contra a queda de cabelo vem crescendo nos \u00faltimos anos.<\/span><\/a><\/p>\n<p><span style=\"font-weight: 400;\">Isso demonstra que cada vez mais as pessoas afetadas pela calv\u00edcie v\u00eam se informando sobre as possibilidades de preserva\u00e7\u00e3o capilar.<\/span><\/p>\n<p><span style=\"font-weight: 400;\">Existem, hoje, em fun\u00e7\u00e3o da modernidade, diversas alternativas para a apura\u00e7\u00e3o do melhor tratamento.<\/span><\/p>\n<p><span style=\"font-weight: 400;\">Dentre essas alternativas, existe o teste gen\u00e9tico que objetiva identificar o tratamento adequado do paciente.<\/span><\/p>\n<p><span style=\"font-weight: 400;\">Falaremos a seguir desse teste.<\/span><\/p>\n<p><span style=\"font-weight: 400;\">Portanto, fique atento e se informe!<\/span><\/p>\n<p><img loading=\"lazy\" decoding=\"async\" class=\"alignnone wp-image-125 size-large\" title=\"imagem que representa teste gen\u00e9tico para identificar tratamento de calv\u00edcie\" src=\"https:\/\/dralexgoldbach.com.br\/blog\/wp-content\/uploads\/2022\/09\/Teste-genetico-para-identificar-tratamento-de-calvicie-1024x576.jpg\" alt=\"Teste-gen\u00e9tico-para-identificar-tratamento-de-calv\u00edcie\" width=\"1024\" height=\"576\" srcset=\"https:\/\/dralexgoldbach.com.br\/blog\/wp-content\/uploads\/2022\/09\/Teste-genetico-para-identificar-tratamento-de-calvicie-1024x576.jpg 1024w, https:\/\/dralexgoldbach.com.br\/blog\/wp-content\/uploads\/2022\/09\/Teste-genetico-para-identificar-tratamento-de-calvicie-300x169.jpg 300w, https:\/\/dralexgoldbach.com.br\/blog\/wp-content\/uploads\/2022\/09\/Teste-genetico-para-identificar-tratamento-de-calvicie-768x432.jpg 768w, https:\/\/dralexgoldbach.com.br\/blog\/wp-content\/uploads\/2022\/09\/Teste-genetico-para-identificar-tratamento-de-calvicie.jpg 1200w\" sizes=\"auto, (max-width: 1024px) 100vw, 1024px\" \/><\/p>\n<h2><span style=\"font-weight: 400;\">Quais s\u00e3o os tratamentos dispon\u00edveis para combate \u00e0 calv\u00edcie?<\/span><\/h2>\n<p><span style=\"font-weight: 400;\">Antes de falar sobre o teste, vamos abordar os principais poss\u00edveis tratamentos.<\/span><\/p>\n<p><span style=\"font-weight: 400;\">O tratamento que revela maior efic\u00e1cia \u00e9 o transplante capilar, sobre o qual j\u00e1 conversamos <\/span><a href=\"https:\/\/www.dralexgoldbach.com.br\/blog\/por-que-fazer-transplante-capilar-conheca-5-motivos\"><span style=\"font-weight: 400;\">neste texto<\/span><\/a><span style=\"font-weight: 400;\">.<\/span><\/p>\n<p><span style=\"font-weight: 400;\">O transplante consiste na extra\u00e7\u00e3o de fios de uma \u00e1rea, denominada doadora, e a inser\u00e7\u00e3o destes fios em outra \u00e1rea, chamada receptora.<\/span><\/p>\n<p><span style=\"font-weight: 400;\">A \u00e1rea doadora \u00e9 onde os cabelos crescem normalmente, enquanto a \u00e1rea receptora \u00e9 o local onde se registram as falhas.<\/span><\/p>\n<p><span style=\"font-weight: 400;\">Outro tipo de tratamento dispon\u00edvel \u00e9 a utiliza\u00e7\u00e3o de rem\u00e9dios para calv\u00edcie ou cremes.<\/span><\/p>\n<p><span style=\"font-weight: 400;\">Podemos citar a finasterida e dutasterida como exemplos de medicamentos.<\/span><\/p>\n<p><span style=\"font-weight: 400;\">Al\u00e9m disso, cremes como o minoxidil e pomadas corticoides s\u00e3o exemplos de subst\u00e2ncias utilizadas.<\/span><\/p>\n<p><span style=\"font-weight: 400;\">\u00c9 poss\u00edvel, ainda, a utiliza\u00e7\u00e3o de laser para fins de estimula\u00e7\u00e3o do crescimento dos fol\u00edculos capilares.<\/span><\/p>\n<p><span style=\"font-weight: 400;\">Agora que j\u00e1 conhecemos alguns dos tratamentos, vamos falar sobre o teste gen\u00e9tico especificamente.<\/span><\/p>\n<h2><span style=\"font-weight: 400;\">Como funciona o teste gen\u00e9tico e para que serve?<\/span><\/h2>\n<p><span style=\"font-weight: 400;\">O teste \u00e9 feito a partir de extra\u00e7\u00e3o de material gen\u00e9tico do paciente, que servir\u00e1 para an\u00e1lise das tend\u00eancias inerentes \u00e0 calv\u00edcie.<\/span><\/p>\n<p><span style=\"font-weight: 400;\">Ou seja, a partir do teste, o profissional tricologista pode apurar as tend\u00eancias gen\u00e9ticas para o desenvolvimento de quadros que afetam a estrutura capilar do indiv\u00edduo.<\/span><\/p>\n<p><span style=\"font-weight: 400;\">O exame \u00e9 de suma import\u00e2ncia para a apura\u00e7\u00e3o do tratamento mais adequado.<\/span><\/p>\n<p><span style=\"font-weight: 400;\">Isso porque, por exemplo, se o tratamento ideal for o transplante capilar, o teste far\u00e1 com que o paciente n\u00e3o perca tempo com medicamentos ou outras alternativas existentes.<\/span><\/p>\n<p><span style=\"font-weight: 400;\">Vale ressaltar que, quanto mais se demorar a iniciar o tratamento adequado, pior ser\u00e1 o quadro de alopecia (calv\u00edcie).<\/span><\/p>\n<p><span style=\"font-weight: 400;\">Sendo assim, toda otimiza\u00e7\u00e3o de tempo \u00e9 bem vinda!<\/span><\/p>\n<p><span style=\"font-weight: 400;\">O sucesso do tratamento contra a calv\u00edcie tem rela\u00e7\u00e3o direta com o tratamento optado e com os esfor\u00e7os para revers\u00e3o do quadro.<\/span><\/p>\n<p><span style=\"font-weight: 400;\">Ainda, destaca-se que o exame pode at\u00e9 mesmo indicar se futuramente o paciente ter\u00e1 calv\u00edcie, ainda que no momento do teste n\u00e3o haja manifesta\u00e7\u00e3o relevante da doen\u00e7a.<\/span><\/p>\n<p><span style=\"font-weight: 400;\">Se voc\u00ea tem hist\u00f3rico familiar de alopecia, pode ser uma boa ideia procurar ajuda!<\/span><\/p>\n<h2><span style=\"font-weight: 400;\">Converse com um profissional tricologista <\/span><span style=\"font-weight: 400;\">(Seguir o padrao do teto 30 e 29 em todos os outros tamb\u00e9m, sempre colocar M\u00e9dico Tricolosita e Cirurgi\u00e3o Capilar)<\/span><\/h2>\n<p><span style=\"font-weight: 400;\">Agora que voc\u00ea j\u00e1 sabe a import\u00e2ncia do teste gen\u00e9tico para identificar o tratamento da calv\u00edcie, procure a ajuda de um profissional tricologista!<\/span><\/p>\n<p><span style=\"font-weight: 400;\">Este profissional poder\u00e1 lhe orientar da melhor forma e sanar as d\u00favidas.<\/span><\/p>\n<p><span style=\"font-weight: 400;\">Sendo assim, busque ajuda de <\/span><a href=\"https:\/\/www.dralexgoldbach.com.br\"><span style=\"font-weight: 400;\">um tricologista<\/span><\/a><span style=\"font-weight: 400;\">, pois um profissional especializado poder\u00e1 dar a melhor orienta\u00e7\u00e3o.<\/span><\/p>\n<p><span style=\"font-weight: 400;\">Para saber o que um tricologista faz, <\/span><a href=\"https:\/\/dralexgoldbach.com.br\/blog\/o-que-faz-um-especialista-em-transplante-capilar\/\"><span style=\"font-weight: 400;\">clique aqui<\/span><\/a><span style=\"font-weight: 400;\">.<\/span><\/p>\n<p><a href=\"https:\/\/api.whatsapp.com\/send?phone=5511980985862&amp;text=Ol%C3%A1!%20Vim%20atrav%C3%A9s%20do%20site%20e%20gostaria%20de%20marcar%20uma%20consulta%20com%20o%20Dr.%20Alex%20Goldbach\" rel=\"nofollow noopener\" target=\"_blank\"><span style=\"font-weight: 400;\">Entre em contato<\/span><\/a><span style=\"font-weight: 400;\"> para saber mais!<\/span><\/p>\n","protected":false},"excerpt":{"rendered":"<p>Voc\u00ea j\u00e1 ouviu falar do teste gen\u00e9tico para identificar tratamento de calv\u00edcie? A procura por tratamentos contra a queda de cabelo vem crescendo nos \u00faltimos anos. Isso demonstra que cada vez mais as pessoas afetadas pela calv\u00edcie v\u00eam se informando sobre as possibilidades de preserva\u00e7\u00e3o capilar. Existem, hoje, em fun\u00e7\u00e3o da modernidade, diversas alternativas para [&hellip;]<\/p>\n","protected":false},"author":1,"featured_media":125,"comment_status":"open","ping_status":"open","sticky":false,"template":"","format":"standard","meta":{"footnotes":""},"categories":[1],"tags":[],"class_list":["post-124","post","type-post","status-publish","format-standard","has-post-thumbnail","hentry","category-sem-categoria"],"_links":{"self":[{"href":"https:\/\/dralexgoldbach.com.br\/blog\/wp-json\/wp\/v2\/posts\/124","targetHints":{"allow":["GET"]}}],"collection":[{"href":"https:\/\/dralexgoldbach.com.br\/blog\/wp-json\/wp\/v2\/posts"}],"about":[{"href":"https:\/\/dralexgoldbach.com.br\/blog\/wp-json\/wp\/v2\/types\/post"}],"author":[{"embeddable":true,"href":"https:\/\/dralexgoldbach.com.br\/blog\/wp-json\/wp\/v2\/users\/1"}],"replies":[{"embeddable":true,"href":"https:\/\/dralexgoldbach.com.br\/blog\/wp-json\/wp\/v2\/comments?post=124"}],"version-history":[{"count":2,"href":"https:\/\/dralexgoldbach.com.br\/blog\/wp-json\/wp\/v2\/posts\/124\/revisions"}],"predecessor-version":[{"id":127,"href":"https:\/\/dralexgoldbach.com.br\/blog\/wp-json\/wp\/v2\/posts\/124\/revisions\/127"}],"wp:featuredmedia":[{"embeddable":true,"href":"https:\/\/dralexgoldbach.com.br\/blog\/wp-json\/wp\/v2\/media\/125"}],"wp:attachment":[{"href":"https:\/\/dralexgoldbach.com.br\/blog\/wp-json\/wp\/v2\/media?parent=124"}],"wp:term":[{"taxonomy":"category","embeddable":true,"href":"https:\/\/dralexgoldbach.com.br\/blog\/wp-json\/wp\/v2\/categories?post=124"},{"taxonomy":"post_tag","embeddable":true,"href":"https:\/\/dralexgoldbach.com.br\/blog\/wp-json\/wp\/v2\/tags?post=124"}],"curies":[{"name":"wp","href":"https:\/\/api.w.org\/{rel}","templated":true}]}}