{"id":93,"date":"2022-06-08T10:57:48","date_gmt":"2022-06-08T13:57:48","guid":{"rendered":"https:\/\/dralexgoldbach.com.br\/blog\/?p=93"},"modified":"2022-08-19T11:49:10","modified_gmt":"2022-08-19T14:49:10","slug":"para-que-serve-o-teste-genetico-capilar","status":"publish","type":"post","link":"https:\/\/dralexgoldbach.com.br\/blog\/para-que-serve-o-teste-genetico-capilar\/","title":{"rendered":"Para que serve o teste gen\u00e9tico capilar?"},"content":{"rendered":"<p><span style=\"font-weight: 400;\">A queda de cabelo \u00e9 um acontecimento comum entre homens e mulheres.<\/span><\/p>\n<p><span style=\"font-weight: 400;\">Esse fen\u00f4meno pode estar associado a uma predisposi\u00e7\u00e3o gen\u00e9tica do indiv\u00edduo.<\/span><\/p>\n<p><span style=\"font-weight: 400;\">O fio de cabelo possui um ciclo de vida definido em crescimento, repouso e queda, que dura em torno de 1 ano a 5 anos.<\/span><\/p>\n<p><span style=\"font-weight: 400;\">Quando o fio cai, um novo entra na fase de crescimento em seu lugar.<\/span><\/p>\n<p><img loading=\"lazy\" decoding=\"async\" class=\"alignnone wp-image-94 size-large\" title=\"imagem que remete teste gen\u00e9tico capilar\" src=\"https:\/\/dralexgoldbach.com.br\/blog\/wp-content\/uploads\/2022\/08\/Para-o-que-serve-o-teste-genetico-capilar-1024x576.jpg\" alt=\"Para-o-que-serve-o-teste-gen\u00e9tico-capilar\" width=\"1024\" height=\"576\" srcset=\"https:\/\/dralexgoldbach.com.br\/blog\/wp-content\/uploads\/2022\/08\/Para-o-que-serve-o-teste-genetico-capilar-1024x576.jpg 1024w, https:\/\/dralexgoldbach.com.br\/blog\/wp-content\/uploads\/2022\/08\/Para-o-que-serve-o-teste-genetico-capilar-300x169.jpg 300w, https:\/\/dralexgoldbach.com.br\/blog\/wp-content\/uploads\/2022\/08\/Para-o-que-serve-o-teste-genetico-capilar-768x432.jpg 768w, https:\/\/dralexgoldbach.com.br\/blog\/wp-content\/uploads\/2022\/08\/Para-o-que-serve-o-teste-genetico-capilar.jpg 1200w\" sizes=\"auto, (max-width: 1024px) 100vw, 1024px\" \/><\/p>\n<p><span style=\"font-weight: 400;\">Desse modo, \u00e9 normal que um indiv\u00edduo perca de 50 a 150 fios de cabelo por dia, sem correr risco de apresentar calv\u00edcie.<\/span><\/p>\n<p><span style=\"font-weight: 400;\">No entanto, algumas situa\u00e7\u00f5es podem ser gatilhos e causarem queda mais dr\u00e1stica, principalmente naqueles que j\u00e1 apresentam predisposi\u00e7\u00e3o gen\u00e9tica para tal.<\/span><\/p>\n<p><span style=\"font-weight: 400;\">Estresse, inflama\u00e7\u00f5es, problemas circulat\u00f3rios e defici\u00eancia de vitaminas, podem ser problemas causadores da queda de cabelo.<\/span><\/p>\n<p><span style=\"font-weight: 400;\">Al\u00e9m disso, altera\u00e7\u00f5es hormonais podem ocorrer e contribuir muito para esse quadro.<\/span><\/p>\n<p><span style=\"font-weight: 400;\">Como no caso da presen\u00e7a de altos n\u00edveis de testosterona, situa\u00e7\u00e3o gatilho para o desenvolvimento de calv\u00edcie.<\/span><\/p>\n<p><span style=\"font-weight: 400;\">Mas, tudo depende da disposi\u00e7\u00e3o gen\u00e9tica do indiv\u00edduo para expressar essa rea\u00e7\u00e3o do corpo.<\/span><\/p>\n<p><span style=\"font-weight: 400;\">Portanto, entender sua predisposi\u00e7\u00e3o gen\u00e9tica \u00e9 muito importante para preven\u00e7\u00e3o ou tratamento assertivo do problema.<\/span><\/p>\n<p><span style=\"font-weight: 400;\">Nesse contexto, \u00e9 aplicado o<\/span><a href=\"https:\/\/www.dralexgoldbach.com.br\/restauracao-capilar-e-tricologia\/teste-genetico-capilar\"> <span style=\"font-weight: 400;\">teste gen\u00e9tico capilar<\/span><\/a><span style=\"font-weight: 400;\">.<\/span><\/p>\n<p><span style=\"font-weight: 400;\">Quer saber para que serve o teste gen\u00e9tico capilar e como ele pode te ajudar a prevenir ou tratar a calv\u00edcie de forma mais assertiva?<\/span><\/p>\n<p><span style=\"font-weight: 400;\">Siga lendo que te deixaremos informado!<\/span><\/p>\n<h2><span style=\"font-weight: 400;\">O teste gen\u00e9tico capilar:<\/span><\/h2>\n<p><span style=\"font-weight: 400;\">O teste gen\u00e9tico capilar serve para analisar os dados gen\u00e9ticos e indicar a predisposi\u00e7\u00e3o do indiv\u00edduo a apresentar doen\u00e7as que afetem a estrutura capilar.<\/span><\/p>\n<p><span style=\"font-weight: 400;\">Atrav\u00e9s desse teste, \u00e9 feita a avalia\u00e7\u00e3o de 13 genes e 48 varia\u00e7\u00f5es gen\u00e9ticas, a fim de identificar as possibilidades de o indiv\u00edduo desenvolver calv\u00edcie.<\/span><\/p>\n<p><span style=\"font-weight: 400;\">O gene da calv\u00edcie \u00e9 herdado da matriz materna, no caso dos homens, e da matriz materna e paterna no caso das mulheres.<\/span><\/p>\n<p><span style=\"font-weight: 400;\">O teste \u00e9 feito com uma amostra de saliva analisada em laborat\u00f3rio, onde s\u00e3o feitos ensaios acerca desse gene.<\/span><\/p>\n<p><span style=\"font-weight: 400;\">O teste gen\u00e9tico capilar serve para analisar os seguintes elementos:<\/span><\/p>\n<ul>\n<li><span style=\"font-weight: 400;\"> \u00a0 \u00a0 \u00a0 \u00a0 <\/span><span style=\"font-weight: 400;\">S\u00edntese de col\u00e1geno;<\/span><\/li>\n<li><span style=\"font-weight: 400;\"> \u00a0 \u00a0 \u00a0 \u00a0 <\/span><span style=\"font-weight: 400;\">Metabolismo de vitaminas e minerais;<\/span><\/li>\n<li><span style=\"font-weight: 400;\"> \u00a0 \u00a0 \u00a0 \u00a0 <\/span><span style=\"font-weight: 400;\">Metabolismo do fator de crescimento an\u00e1logo \u00e0 insulina;<\/span><\/li>\n<li><span style=\"font-weight: 400;\"> \u00a0 \u00a0 \u00a0 \u00a0 <\/span><span style=\"font-weight: 400;\">Vasodilata\u00e7\u00e3o e circula\u00e7\u00e3o sangu\u00ednea;<\/span><\/li>\n<li><span style=\"font-weight: 400;\"> \u00a0 \u00a0 \u00a0 \u00a0 <\/span><span style=\"font-weight: 400;\">Efeito androg\u00eanico.<\/span><\/li>\n<\/ul>\n<p><span style=\"font-weight: 400;\">A partir da an\u00e1lise desses elementos, \u00e9 poss\u00edvel identificar a ocorr\u00eancia de 3 tipos de alopecia.<\/span><\/p>\n<p><span style=\"font-weight: 400;\">Uma delas \u00e9 o<\/span><a href=\"https:\/\/www.sbd.org.br\/doencas\/efluvio-telogeno\/\" rel=\"nofollow noopener\" target=\"_blank\"> <span style=\"font-weight: 400;\">efl\u00favio tel\u00f3geno<\/span><\/a><span style=\"font-weight: 400;\">, caracterizado pelo aumento da queda de cabelo di\u00e1ria.<\/span><\/p>\n<p><span style=\"font-weight: 400;\">Quando o efl\u00favio tel\u00f3geno se manifesta de forma aguda, inicia-se cerca de 3 meses ap\u00f3s a exposi\u00e7\u00e3o do indiv\u00edduo a uma situa\u00e7\u00e3o gatilho.<\/span><\/p>\n<p><span style=\"font-weight: 400;\">A situa\u00e7\u00e3o gatilho, que pode ser uma cirurgia, por exemplo, converte um percentual maior do que o habitual de fios para queda.\u00a0<\/span><\/p>\n<p><span style=\"font-weight: 400;\">Na forma cr\u00f4nica, a queda dos fios \u00e9 semelhante ao efl\u00favio tel\u00f3geno agudo, no entanto, ocorre com uma frequ\u00eancia espec\u00edfica, anualmente, por exemplo, ou 2 vezes ao ano.<\/span><\/p>\n<p><span style=\"font-weight: 400;\">Nesse caso, ocorre muita perda de volume de cabelo e comprimento.<\/span><\/p>\n<p><span style=\"font-weight: 400;\">Outra forma de alopecia avaliada pelo teste gen\u00e9tico capilar \u00e9 a<\/span><a href=\"https:\/\/www.sbd.org.br\/doencas\/alopecia-areata\/#:~:text=Alopecia%20areata%20%C3%A9%20uma%20doen%C3%A7a,circulares%20sem%20pelos%20ou%20cabelos\" target=\"_blank\" rel=\"noopener nofollow\"> <span style=\"font-weight: 400;\">alopecia areata<\/span><\/a><span style=\"font-weight: 400;\">.<\/span><\/p>\n<p><span style=\"font-weight: 400;\">\u00c9 uma doen\u00e7a inflamat\u00f3ria que provoca a queda de cabelo bem frequente, resultando em falhas circulares sem cabelos ou pelos.<\/span><\/p>\n<p><span style=\"font-weight: 400;\">J\u00e1 a<\/span><a href=\"https:\/\/drauziovarella.uol.com.br\/doencas-e-sintomas\/calvicie-alopecia-androgenetica\/\" target=\"_blank\" rel=\"noopener nofollow\"> <span style=\"font-weight: 400;\">alopecia androgen\u00e9tica<\/span><\/a><span style=\"font-weight: 400;\">, tamb\u00e9m detectada pelo teste, \u00e9 um tipo ligado \u00e0 ocorr\u00eancia de altos n\u00edveis de testosterona.<\/span><\/p>\n<p><span style=\"font-weight: 400;\">Por isso, esse tipo de alopecia \u00e9 mais raro de ocorrer em mulheres e mais comum em homens.<\/span><\/p>\n<p><span style=\"font-weight: 400;\">Isso porque, homens apresentam maior quantidade desse horm\u00f4nio no organismo.<\/span><\/p>\n<p><span style=\"font-weight: 400;\">Assim, ocorre a atrofia dos fol\u00edculos capilares, o que acelera a queda definitiva dos fios.<\/span><\/p>\n<p><span style=\"font-weight: 400;\">Uma situa\u00e7\u00e3o que pode contribuir para o desenvolvimento dessa alopecia \u00e9 o excesso de oleosidade e aplica\u00e7\u00e3o de produtos qu\u00edmicos.<\/span><\/p>\n<h2><span style=\"font-weight: 400;\">Por que fazer o teste gen\u00e9tico capilar?<\/span><\/h2>\n<p><span style=\"font-weight: 400;\">Entender a predisposi\u00e7\u00e3o gen\u00e9tica a desenvolver determinada doen\u00e7a que comprometa os fios, \u00e9 uma alternativa interessante para prevenir-se desse mal.<\/span><\/p>\n<p><span style=\"font-weight: 400;\">Entretanto, uma vez que a queda de cabelo excessiva j\u00e1 tenha sido iniciada, tamb\u00e9m vale a pena optar pelo teste.<\/span><\/p>\n<p><span style=\"font-weight: 400;\">Assim, voc\u00ea lan\u00e7a m\u00e3o de uma alternativa para conhecer as causas profundas do problema.<\/span><\/p>\n<p><span style=\"font-weight: 400;\">O teste nos mostra tamb\u00e9m quais seriam as melhores medica\u00e7\u00f5es e tratamentos voltados a sua gen\u00e9tica, dos mais eficazes ao menos eficazes, ou aqueles que n\u00e3o trariam resultado ou at\u00e9 mesmo prejudicariam o tratamento.<\/span><\/p>\n<p><span style=\"font-weight: 400;\">Isso possibilita a elabora\u00e7\u00e3o de estrat\u00e9gias mais eficazes e assertivas de reverter o quadro.<\/span><\/p>\n<p><span style=\"font-weight: 400;\">Portanto, se voc\u00ea apresenta algum dos sintomas de alopecia ou pretende saber mais para se prevenir, procure um<\/span><a href=\"https:\/\/www.dralexgoldbach.com.br\/dr-alex-goldbach\"> <span style=\"font-weight: 400;\">profissional especializado<\/span><\/a><span style=\"font-weight: 400;\">.<\/span><\/p>\n","protected":false},"excerpt":{"rendered":"<p>A queda de cabelo \u00e9 um acontecimento comum entre homens e mulheres. Esse fen\u00f4meno pode estar associado a uma predisposi\u00e7\u00e3o gen\u00e9tica do indiv\u00edduo. O fio de cabelo possui um ciclo de vida definido em crescimento, repouso e queda, que dura em torno de 1 ano a 5 anos. Quando o fio cai, um novo entra [&hellip;]<\/p>\n","protected":false},"author":1,"featured_media":94,"comment_status":"open","ping_status":"open","sticky":false,"template":"","format":"standard","meta":{"footnotes":""},"categories":[1],"tags":[],"class_list":["post-93","post","type-post","status-publish","format-standard","has-post-thumbnail","hentry","category-sem-categoria"],"_links":{"self":[{"href":"https:\/\/dralexgoldbach.com.br\/blog\/wp-json\/wp\/v2\/posts\/93","targetHints":{"allow":["GET"]}}],"collection":[{"href":"https:\/\/dralexgoldbach.com.br\/blog\/wp-json\/wp\/v2\/posts"}],"about":[{"href":"https:\/\/dralexgoldbach.com.br\/blog\/wp-json\/wp\/v2\/types\/post"}],"author":[{"embeddable":true,"href":"https:\/\/dralexgoldbach.com.br\/blog\/wp-json\/wp\/v2\/users\/1"}],"replies":[{"embeddable":true,"href":"https:\/\/dralexgoldbach.com.br\/blog\/wp-json\/wp\/v2\/comments?post=93"}],"version-history":[{"count":2,"href":"https:\/\/dralexgoldbach.com.br\/blog\/wp-json\/wp\/v2\/posts\/93\/revisions"}],"predecessor-version":[{"id":96,"href":"https:\/\/dralexgoldbach.com.br\/blog\/wp-json\/wp\/v2\/posts\/93\/revisions\/96"}],"wp:featuredmedia":[{"embeddable":true,"href":"https:\/\/dralexgoldbach.com.br\/blog\/wp-json\/wp\/v2\/media\/94"}],"wp:attachment":[{"href":"https:\/\/dralexgoldbach.com.br\/blog\/wp-json\/wp\/v2\/media?parent=93"}],"wp:term":[{"taxonomy":"category","embeddable":true,"href":"https:\/\/dralexgoldbach.com.br\/blog\/wp-json\/wp\/v2\/categories?post=93"},{"taxonomy":"post_tag","embeddable":true,"href":"https:\/\/dralexgoldbach.com.br\/blog\/wp-json\/wp\/v2\/tags?post=93"}],"curies":[{"name":"wp","href":"https:\/\/api.w.org\/{rel}","templated":true}]}}